{"id":1529,"date":"2021-06-11T11:58:06","date_gmt":"2021-06-11T09:58:06","guid":{"rendered":"https:\/\/www.school-krems.at\/?p=1529"},"modified":"2021-06-11T12:04:44","modified_gmt":"2021-06-11T10:04:44","slug":"erstkommunion-samstag-29-mai-2021","status":"publish","type":"post","link":"https:\/\/www.school-krems.at\/en\/2021\/06\/11\/erstkommunion-samstag-29-mai-2021\/","title":{"rendered":"First Communion"},"content":{"rendered":"<p>On Saturday the 29th of May our second-grade kids celebrated their first communion at the Piaristen Church in Krems.\n\nThe mass was celebrated with the spirit of the gospel of the good shepherd\u00a0 in mind, under the motto: \"I am here, where you are.\"\n\nWe had a wonderful celebration introducing the kids into the community.  Seeing them receive the communion for the first time was a truly special occasion worthy of all the hard work of our religion teacher and priest Jinto Scaria along with the parents, and our team. Even though we couldn't spend time together after mass, we were happy we could celebrate it in church.<br \/>\nDie ganze Messe fand unter dem folgenden Motto statt: \u201eIch bin da, wo du bist.\u201c aus dem Evangelium vom \u201eGuten Hirten\u201c.<br \/>\nWir hatten eine wundersch\u00f6ne Zeit gemeinsam, von Liedern wie \u201eGro\u00df, gr\u00f6\u00dfer, am gr\u00f6\u00dften\u201c bis zum \u201eJesus Christ, you are my life\u201c wurde viel gesungen und die Tauferneuerung durchgef\u00fchrt.<\/p>\n<figure id=\"attachment_1536\" aria-describedby=\"caption-attachment-1536\" style=\"width: 400px\" class=\"wp-caption aligncenter\"><a ref=\"magnificPopup\" href=\"https:\/\/www.school-krems.at\/wp-content\/uploads\/2021\/06\/WhatsApp-Image-2021-06-11-at-11.48.02-AM-1.jpeg\"><img loading=\"lazy\" decoding=\"async\" class=\"wp-image-1536\" src=\"https:\/\/www.school-krems.at\/wp-content\/uploads\/2021\/06\/WhatsApp-Image-2021-06-11-at-11.48.02-AM-1-300x200.jpeg\" alt=\"\" width=\"400\" height=\"267\" srcset=\"https:\/\/www.school-krems.at\/wp-content\/uploads\/2021\/06\/WhatsApp-Image-2021-06-11-at-11.48.02-AM-1-300x200.jpeg 300w, https:\/\/www.school-krems.at\/wp-content\/uploads\/2021\/06\/WhatsApp-Image-2021-06-11-at-11.48.02-AM-1-1024x682.jpeg 1024w, https:\/\/www.school-krems.at\/wp-content\/uploads\/2021\/06\/WhatsApp-Image-2021-06-11-at-11.48.02-AM-1-391x260.jpeg 391w, https:\/\/www.school-krems.at\/wp-content\/uploads\/2021\/06\/WhatsApp-Image-2021-06-11-at-11.48.02-AM-1-16x12.jpeg 16w, https:\/\/www.school-krems.at\/wp-content\/uploads\/2021\/06\/WhatsApp-Image-2021-06-11-at-11.48.02-AM-1-200x133.jpeg 200w, https:\/\/www.school-krems.at\/wp-content\/uploads\/2021\/06\/WhatsApp-Image-2021-06-11-at-11.48.02-AM-1.jpeg 1600w\" sizes=\"auto, (max-width: 400px) 100vw, 400px\" \/><\/a><figcaption id=\"caption-attachment-1536\" class=\"wp-caption-text\">Fotografin Maria H\u00f6rmandinger<\/figcaption><\/figure>","protected":false},"excerpt":{"rendered":"<p>Am Samstag den 29. Mai 2021 feierten die Erstkommunionskinder in der Piaristenkirche in Krems ihre Erstkommunion. Die ganze Messe fand unter dem folgenden Motto statt: \u201eIch bin da, wo du bist.\u201c aus dem Evangelium vom \u201eGuten Hirten\u201c. Wir hatten eine wundersch\u00f6ne Zeit gemeinsam, von Liedern wie \u201eGro\u00df, gr\u00f6\u00dfer, am gr\u00f6\u00dften\u201c bis zum \u201eJesus Christ, you&#8230;<\/p>","protected":false},"author":3,"featured_media":1535,"comment_status":"closed","ping_status":"closed","sticky":false,"template":"","format":"standard","meta":{"footnotes":""},"categories":[7],"tags":[],"class_list":["post-1529","post","type-post","status-publish","format-standard","has-post-thumbnail","hentry","category-volksschule"],"_links":{"self":[{"href":"https:\/\/www.school-krems.at\/en\/wp-json\/wp\/v2\/posts\/1529","targetHints":{"allow":["GET"]}}],"collection":[{"href":"https:\/\/www.school-krems.at\/en\/wp-json\/wp\/v2\/posts"}],"about":[{"href":"https:\/\/www.school-krems.at\/en\/wp-json\/wp\/v2\/types\/post"}],"author":[{"embeddable":true,"href":"https:\/\/www.school-krems.at\/en\/wp-json\/wp\/v2\/users\/3"}],"replies":[{"embeddable":true,"href":"https:\/\/www.school-krems.at\/en\/wp-json\/wp\/v2\/comments?post=1529"}],"version-history":[{"count":0,"href":"https:\/\/www.school-krems.at\/en\/wp-json\/wp\/v2\/posts\/1529\/revisions"}],"wp:featuredmedia":[{"embeddable":true,"href":"https:\/\/www.school-krems.at\/en\/wp-json\/wp\/v2\/media\/1535"}],"wp:attachment":[{"href":"https:\/\/www.school-krems.at\/en\/wp-json\/wp\/v2\/media?parent=1529"}],"wp:term":[{"taxonomy":"category","embeddable":true,"href":"https:\/\/www.school-krems.at\/en\/wp-json\/wp\/v2\/categories?post=1529"},{"taxonomy":"post_tag","embeddable":true,"href":"https:\/\/www.school-krems.at\/en\/wp-json\/wp\/v2\/tags?post=1529"}],"curies":[{"name":"wp","href":"https:\/\/api.w.org\/{rel}","templated":true}]}}