{"id":2760,"date":"2022-09-16T15:17:02","date_gmt":"2022-09-16T13:17:02","guid":{"rendered":"https:\/\/www.school-krems.at\/?p=2760"},"modified":"2022-09-16T15:17:02","modified_gmt":"2022-09-16T13:17:02","slug":"uebernachtung-erste-schulwoche","status":"publish","type":"post","link":"https:\/\/www.school-krems.at\/en\/2022\/09\/16\/uebernachtung-erste-schulwoche\/","title":{"rendered":"\u00dcbernachtung erste Schulwoche"},"content":{"rendered":"<p>Am 7. September \u00fcbernachtete die 1. Klasse im Jugendhaus Stift G\u00f6ttweig. Nach dem<br \/>\nMittagessen k\u00fcmmerten sich die Sch\u00fcler*innen um die Nachspeise. Der selbst gebackene<br \/>\nApfelstrudel hat allen sehr gut geschmeckt! Als es dunkel wurde, spazierten sie gemeinsam<br \/>\nmit Herrn Pater Altmann, der Fackeln mitgenommen hatte, zur St. Georgs Kirche. Dort<br \/>\nangekommen wurde zu Abend gebetet und W\u00fcnsche f\u00fcr das bevorstehende Schuljahr<br \/>\nge\u00e4u\u00dfert. Bevors ins Bett ging, grillten sie Stockbrot und lie\u00dfen den Abend beim Lagerfeuer<br \/>\nausklingen. Die Kinder konnten einander besser kennenlernen und hatten zudem sehr viel<br \/>\nSpa\u00df!<\/p>\n<p>On the 7 th of September the 1st grade spent the night in the youth hostel in Stift G\u00f6ttweig.<br \/>\nAfter lunch, the students made apple strudel for dessert. Everyone thought that he<br \/>\nhomemade apple strudel tasted very good! When it got dark, Father Altmann took the<br \/>\nchildren with fire torches to St. George&amp;#39;s Church. Once there, evening prayers were said and<br \/>\nwishes for the upcoming school year were expressed. Before going to bed, they grilled stick<br \/>\nbread and ended the evening at the campfire. The children had a lot of fun and got to know<br \/>\neach other better.<\/p>\n<div class=\"w-gallery fit_cover wp_gallery type_masonry action_popup_image with_isotope ratio_auto count_5\" style=\"--columns:3;--items-gap:8px;\"><div class=\"w-gallery-list\"><div class=\"w-gallery-item\"><div class=\"w-gallery-item-img\"><img loading=\"lazy\" decoding=\"async\" width=\"225\" height=\"300\" src=\"https:\/\/www.school-krems.at\/wp-content\/uploads\/2022\/09\/WhatsApp-Image-2022-09-15-at-22.58.57-225x300.jpeg\" class=\"attachment-medium size-medium\" alt=\"\" srcset=\"https:\/\/www.school-krems.at\/wp-content\/uploads\/2022\/09\/WhatsApp-Image-2022-09-15-at-22.58.57-225x300.jpeg 225w, https:\/\/www.school-krems.at\/wp-content\/uploads\/2022\/09\/WhatsApp-Image-2022-09-15-at-22.58.57-768x1024.jpeg 768w, https:\/\/www.school-krems.at\/wp-content\/uploads\/2022\/09\/WhatsApp-Image-2022-09-15-at-22.58.57-300x400.jpeg 300w, https:\/\/www.school-krems.at\/wp-content\/uploads\/2022\/09\/WhatsApp-Image-2022-09-15-at-22.58.57-9x12.jpeg 9w, https:\/\/www.school-krems.at\/wp-content\/uploads\/2022\/09\/WhatsApp-Image-2022-09-15-at-22.58.57-150x200.jpeg 150w, https:\/\/www.school-krems.at\/wp-content\/uploads\/2022\/09\/WhatsApp-Image-2022-09-15-at-22.58.57.jpeg 1200w\" sizes=\"auto, (max-width: 225px) 100vw, 225px\" \/><\/div><a class=\"w-gallery-item-link\" aria-label=\"WhatsApp Image 2022-09-15 at 22.58.57\" href=\"https:\/\/www.school-krems.at\/wp-content\/uploads\/2022\/09\/WhatsApp-Image-2022-09-15-at-22.58.57.jpeg\" title=\"WhatsApp Image 2022-09-15 at 22.58.57\"><\/a><\/div><div class=\"w-gallery-item\"><div class=\"w-gallery-item-img\"><img loading=\"lazy\" decoding=\"async\" width=\"300\" height=\"248\" src=\"https:\/\/www.school-krems.at\/wp-content\/uploads\/2022\/09\/WhatsApp-Image-2022-09-15-at-22.58.35-300x248.jpeg\" class=\"attachment-medium size-medium\" alt=\"\" srcset=\"https:\/\/www.school-krems.at\/wp-content\/uploads\/2022\/09\/WhatsApp-Image-2022-09-15-at-22.58.35-300x248.jpeg 300w, https:\/\/www.school-krems.at\/wp-content\/uploads\/2022\/09\/WhatsApp-Image-2022-09-15-at-22.58.35-1024x847.jpeg 1024w, https:\/\/www.school-krems.at\/wp-content\/uploads\/2022\/09\/WhatsApp-Image-2022-09-15-at-22.58.35-15x12.jpeg 15w, https:\/\/www.school-krems.at\/wp-content\/uploads\/2022\/09\/WhatsApp-Image-2022-09-15-at-22.58.35-200x166.jpeg 200w, https:\/\/www.school-krems.at\/wp-content\/uploads\/2022\/09\/WhatsApp-Image-2022-09-15-at-22.58.35.jpeg 1600w\" sizes=\"auto, (max-width: 300px) 100vw, 300px\" \/><\/div><a class=\"w-gallery-item-link\" aria-label=\"WhatsApp Image 2022-09-15 at 22.58.35\" href=\"https:\/\/www.school-krems.at\/wp-content\/uploads\/2022\/09\/WhatsApp-Image-2022-09-15-at-22.58.35.jpeg\" title=\"WhatsApp Image 2022-09-15 at 22.58.35\"><\/a><\/div><div class=\"w-gallery-item\"><div class=\"w-gallery-item-img\"><img loading=\"lazy\" decoding=\"async\" width=\"300\" height=\"225\" src=\"https:\/\/www.school-krems.at\/wp-content\/uploads\/2022\/09\/WhatsApp-Image-2022-09-15-at-23.00.58-300x225.jpeg\" class=\"attachment-medium size-medium\" alt=\"\" srcset=\"https:\/\/www.school-krems.at\/wp-content\/uploads\/2022\/09\/WhatsApp-Image-2022-09-15-at-23.00.58-300x225.jpeg 300w, https:\/\/www.school-krems.at\/wp-content\/uploads\/2022\/09\/WhatsApp-Image-2022-09-15-at-23.00.58-1024x768.jpeg 1024w, https:\/\/www.school-krems.at\/wp-content\/uploads\/2022\/09\/WhatsApp-Image-2022-09-15-at-23.00.58-16x12.jpeg 16w, https:\/\/www.school-krems.at\/wp-content\/uploads\/2022\/09\/WhatsApp-Image-2022-09-15-at-23.00.58-200x150.jpeg 200w, https:\/\/www.school-krems.at\/wp-content\/uploads\/2022\/09\/WhatsApp-Image-2022-09-15-at-23.00.58.jpeg 1600w\" sizes=\"auto, (max-width: 300px) 100vw, 300px\" \/><\/div><a class=\"w-gallery-item-link\" aria-label=\"WhatsApp Image 2022-09-15 at 23.00.58\" href=\"https:\/\/www.school-krems.at\/wp-content\/uploads\/2022\/09\/WhatsApp-Image-2022-09-15-at-23.00.58.jpeg\" title=\"WhatsApp Image 2022-09-15 at 23.00.58\"><\/a><\/div><div class=\"w-gallery-item\"><div class=\"w-gallery-item-img\"><img loading=\"lazy\" decoding=\"async\" width=\"225\" height=\"300\" src=\"https:\/\/www.school-krems.at\/wp-content\/uploads\/2022\/09\/WhatsApp-Image-2022-09-15-at-23.06.45-1-225x300.jpeg\" class=\"attachment-medium size-medium\" alt=\"\" srcset=\"https:\/\/www.school-krems.at\/wp-content\/uploads\/2022\/09\/WhatsApp-Image-2022-09-15-at-23.06.45-1-225x300.jpeg 225w, https:\/\/www.school-krems.at\/wp-content\/uploads\/2022\/09\/WhatsApp-Image-2022-09-15-at-23.06.45-1-768x1024.jpeg 768w, https:\/\/www.school-krems.at\/wp-content\/uploads\/2022\/09\/WhatsApp-Image-2022-09-15-at-23.06.45-1-300x400.jpeg 300w, https:\/\/www.school-krems.at\/wp-content\/uploads\/2022\/09\/WhatsApp-Image-2022-09-15-at-23.06.45-1-9x12.jpeg 9w, https:\/\/www.school-krems.at\/wp-content\/uploads\/2022\/09\/WhatsApp-Image-2022-09-15-at-23.06.45-1-150x200.jpeg 150w, https:\/\/www.school-krems.at\/wp-content\/uploads\/2022\/09\/WhatsApp-Image-2022-09-15-at-23.06.45-1.jpeg 1200w\" sizes=\"auto, (max-width: 225px) 100vw, 225px\" \/><\/div><a class=\"w-gallery-item-link\" aria-label=\"WhatsApp Image 2022-09-15 at 23.06.45\" href=\"https:\/\/www.school-krems.at\/wp-content\/uploads\/2022\/09\/WhatsApp-Image-2022-09-15-at-23.06.45-1.jpeg\" title=\"WhatsApp Image 2022-09-15 at 23.06.45\"><\/a><\/div><div class=\"w-gallery-item\"><div class=\"w-gallery-item-img\"><img loading=\"lazy\" decoding=\"async\" width=\"225\" height=\"300\" src=\"https:\/\/www.school-krems.at\/wp-content\/uploads\/2022\/09\/WhatsApp-Image-2022-09-15-at-22.59.13-225x300.jpeg\" class=\"attachment-medium size-medium\" alt=\"\" srcset=\"https:\/\/www.school-krems.at\/wp-content\/uploads\/2022\/09\/WhatsApp-Image-2022-09-15-at-22.59.13-225x300.jpeg 225w, https:\/\/www.school-krems.at\/wp-content\/uploads\/2022\/09\/WhatsApp-Image-2022-09-15-at-22.59.13-768x1024.jpeg 768w, https:\/\/www.school-krems.at\/wp-content\/uploads\/2022\/09\/WhatsApp-Image-2022-09-15-at-22.59.13-300x400.jpeg 300w, https:\/\/www.school-krems.at\/wp-content\/uploads\/2022\/09\/WhatsApp-Image-2022-09-15-at-22.59.13-9x12.jpeg 9w, https:\/\/www.school-krems.at\/wp-content\/uploads\/2022\/09\/WhatsApp-Image-2022-09-15-at-22.59.13-150x200.jpeg 150w, https:\/\/www.school-krems.at\/wp-content\/uploads\/2022\/09\/WhatsApp-Image-2022-09-15-at-22.59.13.jpeg 1200w\" sizes=\"auto, (max-width: 225px) 100vw, 225px\" \/><\/div><a class=\"w-gallery-item-link\" aria-label=\"WhatsApp Image 2022-09-15 at 22.59.13\" href=\"https:\/\/www.school-krems.at\/wp-content\/uploads\/2022\/09\/WhatsApp-Image-2022-09-15-at-22.59.13.jpeg\" title=\"WhatsApp Image 2022-09-15 at 22.59.13\"><\/a><\/div><\/div><\/div>","protected":false},"excerpt":{"rendered":"<p>Am 7. September \u00fcbernachtete die 1. Klasse im Jugendhaus Stift G\u00f6ttweig. Nach dem Mittagessen k\u00fcmmerten sich die Sch\u00fcler*innen um die Nachspeise. Der selbst gebackene Apfelstrudel hat allen sehr gut geschmeckt! Als es dunkel wurde, spazierten sie gemeinsam mit Herrn Pater Altmann, der Fackeln mitgenommen hatte, zur St. Georgs Kirche. Dort angekommen wurde zu Abend gebetet&#8230;<\/p>","protected":false},"author":12,"featured_media":2761,"comment_status":"closed","ping_status":"closed","sticky":false,"template":"","format":"standard","meta":{"footnotes":""},"categories":[8],"tags":[],"class_list":["post-2760","post","type-post","status-publish","format-standard","has-post-thumbnail","hentry","category-mittelschule"],"_links":{"self":[{"href":"https:\/\/www.school-krems.at\/en\/wp-json\/wp\/v2\/posts\/2760","targetHints":{"allow":["GET"]}}],"collection":[{"href":"https:\/\/www.school-krems.at\/en\/wp-json\/wp\/v2\/posts"}],"about":[{"href":"https:\/\/www.school-krems.at\/en\/wp-json\/wp\/v2\/types\/post"}],"author":[{"embeddable":true,"href":"https:\/\/www.school-krems.at\/en\/wp-json\/wp\/v2\/users\/12"}],"replies":[{"embeddable":true,"href":"https:\/\/www.school-krems.at\/en\/wp-json\/wp\/v2\/comments?post=2760"}],"version-history":[{"count":0,"href":"https:\/\/www.school-krems.at\/en\/wp-json\/wp\/v2\/posts\/2760\/revisions"}],"wp:featuredmedia":[{"embeddable":true,"href":"https:\/\/www.school-krems.at\/en\/wp-json\/wp\/v2\/media\/2761"}],"wp:attachment":[{"href":"https:\/\/www.school-krems.at\/en\/wp-json\/wp\/v2\/media?parent=2760"}],"wp:term":[{"taxonomy":"category","embeddable":true,"href":"https:\/\/www.school-krems.at\/en\/wp-json\/wp\/v2\/categories?post=2760"},{"taxonomy":"post_tag","embeddable":true,"href":"https:\/\/www.school-krems.at\/en\/wp-json\/wp\/v2\/tags?post=2760"}],"curies":[{"name":"wp","href":"https:\/\/api.w.org\/{rel}","templated":true}]}}