{"id":3257,"date":"2023-03-17T16:39:11","date_gmt":"2023-03-17T15:39:11","guid":{"rendered":"https:\/\/www.school-krems.at\/?p=3257"},"modified":"2023-03-17T16:39:40","modified_gmt":"2023-03-17T15:39:40","slug":"intensivkurs-mathematik","status":"publish","type":"post","link":"https:\/\/www.school-krems.at\/en\/2023\/03\/17\/intensivkurs-mathematik\/","title":{"rendered":"Intensivkurs Mathematik"},"content":{"rendered":"<p>Paul von der 4.Klasse durfte am Intensivkurs Mathematik f\u00fcr begabte Kinder der VS im Jugendg\u00e4stehaus des Stiftes G\u00f6ttweig teilnehmen. Hier ein paar Eindr\u00fccke von der Abschlusspr\u00e4sentation und der \u00dcberreichung der Urkunde durch Kursleiterin Dr. Hildegard Urban -Woldron.<\/p>\n<div class=\"w-gallery fit_cover wp_gallery type_masonry action_popup_image with_isotope ratio_auto count_6\" style=\"--columns:2;--items-gap:0px;\"><div class=\"w-gallery-list\"><div class=\"w-gallery-item\"><div class=\"w-gallery-item-img\"><img loading=\"lazy\" decoding=\"async\" width=\"150\" height=\"150\" src=\"https:\/\/www.school-krems.at\/wp-content\/uploads\/2023\/03\/IntensivkursMathematik_2023-03-16-at-17.42.46-1-150x150.jpeg\" class=\"attachment-thumbnail size-thumbnail\" alt=\"\" srcset=\"https:\/\/www.school-krems.at\/wp-content\/uploads\/2023\/03\/IntensivkursMathematik_2023-03-16-at-17.42.46-1-150x150.jpeg 150w, https:\/\/www.school-krems.at\/wp-content\/uploads\/2023\/03\/IntensivkursMathematik_2023-03-16-at-17.42.46-1-300x300.jpeg 300w, https:\/\/www.school-krems.at\/wp-content\/uploads\/2023\/03\/IntensivkursMathematik_2023-03-16-at-17.42.46-1-238x238.jpeg 238w\" sizes=\"auto, (max-width: 150px) 100vw, 150px\" \/><\/div><a class=\"w-gallery-item-link\" aria-label=\"IntensivkursMathematik_2023-03-16 at 17.42.46 (1)\" href=\"https:\/\/www.school-krems.at\/wp-content\/uploads\/2023\/03\/IntensivkursMathematik_2023-03-16-at-17.42.46-1.jpeg\" title=\"IntensivkursMathematik_2023-03-16 at 17.42.46 (1)\"><\/a><\/div><div class=\"w-gallery-item\"><div class=\"w-gallery-item-img\"><img loading=\"lazy\" decoding=\"async\" width=\"150\" height=\"150\" src=\"https:\/\/www.school-krems.at\/wp-content\/uploads\/2023\/03\/IntensivkursMathematik_2023-03-16-at-17.42.48-1-150x150.jpeg\" class=\"attachment-thumbnail size-thumbnail\" alt=\"\" srcset=\"https:\/\/www.school-krems.at\/wp-content\/uploads\/2023\/03\/IntensivkursMathematik_2023-03-16-at-17.42.48-1-150x150.jpeg 150w, https:\/\/www.school-krems.at\/wp-content\/uploads\/2023\/03\/IntensivkursMathematik_2023-03-16-at-17.42.48-1-300x300.jpeg 300w, https:\/\/www.school-krems.at\/wp-content\/uploads\/2023\/03\/IntensivkursMathematik_2023-03-16-at-17.42.48-1-238x238.jpeg 238w\" sizes=\"auto, (max-width: 150px) 100vw, 150px\" \/><\/div><a class=\"w-gallery-item-link\" aria-label=\"IntensivkursMathematik_2023-03-16 at 17.42.48 (1)\" href=\"https:\/\/www.school-krems.at\/wp-content\/uploads\/2023\/03\/IntensivkursMathematik_2023-03-16-at-17.42.48-1.jpeg\" title=\"IntensivkursMathematik_2023-03-16 at 17.42.48 (1)\"><\/a><\/div><div class=\"w-gallery-item\"><div class=\"w-gallery-item-img\"><img loading=\"lazy\" decoding=\"async\" width=\"150\" height=\"150\" src=\"https:\/\/www.school-krems.at\/wp-content\/uploads\/2023\/03\/IntensivkursMathematik_2023-03-16-at-17.42.47-150x150.jpeg\" class=\"attachment-thumbnail size-thumbnail\" alt=\"\" srcset=\"https:\/\/www.school-krems.at\/wp-content\/uploads\/2023\/03\/IntensivkursMathematik_2023-03-16-at-17.42.47-150x150.jpeg 150w, https:\/\/www.school-krems.at\/wp-content\/uploads\/2023\/03\/IntensivkursMathematik_2023-03-16-at-17.42.47-300x300.jpeg 300w, https:\/\/www.school-krems.at\/wp-content\/uploads\/2023\/03\/IntensivkursMathematik_2023-03-16-at-17.42.47-238x238.jpeg 238w\" sizes=\"auto, (max-width: 150px) 100vw, 150px\" \/><\/div><a class=\"w-gallery-item-link\" aria-label=\"IntensivkursMathematik_2023-03-16 at 17.42.47\" href=\"https:\/\/www.school-krems.at\/wp-content\/uploads\/2023\/03\/IntensivkursMathematik_2023-03-16-at-17.42.47.jpeg\" title=\"IntensivkursMathematik_2023-03-16 at 17.42.47\"><\/a><\/div><div class=\"w-gallery-item\"><div class=\"w-gallery-item-img\"><img loading=\"lazy\" decoding=\"async\" width=\"150\" height=\"150\" src=\"https:\/\/www.school-krems.at\/wp-content\/uploads\/2023\/03\/IntensivkursMathematik_2023-03-16-at-17.42.47-1-150x150.jpeg\" class=\"attachment-thumbnail size-thumbnail\" alt=\"\" srcset=\"https:\/\/www.school-krems.at\/wp-content\/uploads\/2023\/03\/IntensivkursMathematik_2023-03-16-at-17.42.47-1-150x150.jpeg 150w, https:\/\/www.school-krems.at\/wp-content\/uploads\/2023\/03\/IntensivkursMathematik_2023-03-16-at-17.42.47-1-300x300.jpeg 300w, https:\/\/www.school-krems.at\/wp-content\/uploads\/2023\/03\/IntensivkursMathematik_2023-03-16-at-17.42.47-1-238x238.jpeg 238w\" sizes=\"auto, (max-width: 150px) 100vw, 150px\" \/><\/div><a class=\"w-gallery-item-link\" aria-label=\"IntensivkursMathematik_2023-03-16 at 17.42.47 (1)\" href=\"https:\/\/www.school-krems.at\/wp-content\/uploads\/2023\/03\/IntensivkursMathematik_2023-03-16-at-17.42.47-1.jpeg\" title=\"IntensivkursMathematik_2023-03-16 at 17.42.47 (1)\"><\/a><\/div><div class=\"w-gallery-item\"><div class=\"w-gallery-item-img\"><img loading=\"lazy\" decoding=\"async\" width=\"150\" height=\"150\" src=\"https:\/\/www.school-krems.at\/wp-content\/uploads\/2023\/03\/IntensivkursMathematik_2023-03-16-at-17.42.46-150x150.jpeg\" class=\"attachment-thumbnail size-thumbnail\" alt=\"\" srcset=\"https:\/\/www.school-krems.at\/wp-content\/uploads\/2023\/03\/IntensivkursMathematik_2023-03-16-at-17.42.46-150x150.jpeg 150w, https:\/\/www.school-krems.at\/wp-content\/uploads\/2023\/03\/IntensivkursMathematik_2023-03-16-at-17.42.46-300x300.jpeg 300w, https:\/\/www.school-krems.at\/wp-content\/uploads\/2023\/03\/IntensivkursMathematik_2023-03-16-at-17.42.46-238x238.jpeg 238w\" sizes=\"auto, (max-width: 150px) 100vw, 150px\" \/><\/div><a class=\"w-gallery-item-link\" aria-label=\"IntensivkursMathematik_2023-03-16 at 17.42.46\" href=\"https:\/\/www.school-krems.at\/wp-content\/uploads\/2023\/03\/IntensivkursMathematik_2023-03-16-at-17.42.46.jpeg\" title=\"IntensivkursMathematik_2023-03-16 at 17.42.46\"><\/a><\/div><div class=\"w-gallery-item\"><div class=\"w-gallery-item-img\"><img loading=\"lazy\" decoding=\"async\" width=\"150\" height=\"150\" src=\"https:\/\/www.school-krems.at\/wp-content\/uploads\/2023\/03\/IntensivkursMathematik_2023-03-16-at-17.42.48-150x150.jpeg\" class=\"attachment-thumbnail size-thumbnail\" alt=\"\" srcset=\"https:\/\/www.school-krems.at\/wp-content\/uploads\/2023\/03\/IntensivkursMathematik_2023-03-16-at-17.42.48-150x150.jpeg 150w, https:\/\/www.school-krems.at\/wp-content\/uploads\/2023\/03\/IntensivkursMathematik_2023-03-16-at-17.42.48-300x300.jpeg 300w, https:\/\/www.school-krems.at\/wp-content\/uploads\/2023\/03\/IntensivkursMathematik_2023-03-16-at-17.42.48-238x238.jpeg 238w\" sizes=\"auto, (max-width: 150px) 100vw, 150px\" \/><\/div><a class=\"w-gallery-item-link\" aria-label=\"IntensivkursMathematik_2023-03-16 at 17.42.48\" href=\"https:\/\/www.school-krems.at\/wp-content\/uploads\/2023\/03\/IntensivkursMathematik_2023-03-16-at-17.42.48.jpeg\" title=\"IntensivkursMathematik_2023-03-16 at 17.42.48\"><\/a><\/div><\/div><\/div>\n<p>&nbsp;<\/p>","protected":false},"excerpt":{"rendered":"<p>Paul von der 4.Klasse durfte am Intensivkurs Mathematik f\u00fcr begabte Kinder der VS im Jugendg\u00e4stehaus des Stiftes G\u00f6ttweig teilnehmen. Hier ein paar Eindr\u00fccke von der Abschlusspr\u00e4sentation und der \u00dcberreichung der Urkunde durch Kursleiterin Dr. Hildegard Urban -Woldron. &nbsp;<\/p>","protected":false},"author":3,"featured_media":3264,"comment_status":"closed","ping_status":"closed","sticky":false,"template":"","format":"standard","meta":{"footnotes":""},"categories":[7],"tags":[],"class_list":["post-3257","post","type-post","status-publish","format-standard","has-post-thumbnail","hentry","category-volksschule"],"_links":{"self":[{"href":"https:\/\/www.school-krems.at\/en\/wp-json\/wp\/v2\/posts\/3257","targetHints":{"allow":["GET"]}}],"collection":[{"href":"https:\/\/www.school-krems.at\/en\/wp-json\/wp\/v2\/posts"}],"about":[{"href":"https:\/\/www.school-krems.at\/en\/wp-json\/wp\/v2\/types\/post"}],"author":[{"embeddable":true,"href":"https:\/\/www.school-krems.at\/en\/wp-json\/wp\/v2\/users\/3"}],"replies":[{"embeddable":true,"href":"https:\/\/www.school-krems.at\/en\/wp-json\/wp\/v2\/comments?post=3257"}],"version-history":[{"count":0,"href":"https:\/\/www.school-krems.at\/en\/wp-json\/wp\/v2\/posts\/3257\/revisions"}],"wp:featuredmedia":[{"embeddable":true,"href":"https:\/\/www.school-krems.at\/en\/wp-json\/wp\/v2\/media\/3264"}],"wp:attachment":[{"href":"https:\/\/www.school-krems.at\/en\/wp-json\/wp\/v2\/media?parent=3257"}],"wp:term":[{"taxonomy":"category","embeddable":true,"href":"https:\/\/www.school-krems.at\/en\/wp-json\/wp\/v2\/categories?post=3257"},{"taxonomy":"post_tag","embeddable":true,"href":"https:\/\/www.school-krems.at\/en\/wp-json\/wp\/v2\/tags?post=3257"}],"curies":[{"name":"wp","href":"https:\/\/api.w.org\/{rel}","templated":true}]}}