{"id":3308,"date":"2023-03-29T09:59:30","date_gmt":"2023-03-29T07:59:30","guid":{"rendered":"https:\/\/www.school-krems.at\/?p=3308"},"modified":"2023-03-29T10:26:42","modified_gmt":"2023-03-29T08:26:42","slug":"jede-groesse-ist-wunderbar-autorenlesung-von-josef-weidinger","status":"publish","type":"post","link":"https:\/\/www.school-krems.at\/en\/2023\/03\/29\/jede-groesse-ist-wunderbar-autorenlesung-von-josef-weidinger\/","title":{"rendered":"Jede Gr\u00f6\u00dfe ist wunderbar! &#8211; Autorenlesung von Josef Weidinger"},"content":{"rendered":"<p>Der \u00f6sterreichische Kinderbuchautor Josef Weidinger war zu Gast bei uns in der Schule und las aus seinem Buch \u201eVon B\u00e4ren und Raupen \u2013 Gr\u00f6\u00dfe wird nicht in Zentimetern gemessen\u201c vor.<br \/>\nImmer wieder bezog er die Sch\u00fcler und Sch\u00fclerinnen mit ein, indem er ihnen Fragen stellte. Im Anschluss beantwortete er Fragen zu dem Buch, sowie zu seiner Person.<\/p>\n<div class=\"w-gallery fit_cover wp_gallery type_masonry action_popup_image with_isotope ratio_auto count_6\" style=\"--columns:2;--items-gap:0px;\"><div class=\"w-gallery-list\"><div class=\"w-gallery-item\"><div class=\"w-gallery-item-img\"><img loading=\"lazy\" decoding=\"async\" width=\"150\" height=\"150\" src=\"https:\/\/www.school-krems.at\/wp-content\/uploads\/2023\/03\/Autorenlesung_2023-03-28-at-09.43.38-150x150.jpeg\" class=\"attachment-thumbnail size-thumbnail\" alt=\"\" srcset=\"https:\/\/www.school-krems.at\/wp-content\/uploads\/2023\/03\/Autorenlesung_2023-03-28-at-09.43.38-150x150.jpeg 150w, https:\/\/www.school-krems.at\/wp-content\/uploads\/2023\/03\/Autorenlesung_2023-03-28-at-09.43.38-300x300.jpeg 300w, https:\/\/www.school-krems.at\/wp-content\/uploads\/2023\/03\/Autorenlesung_2023-03-28-at-09.43.38-238x238.jpeg 238w\" sizes=\"auto, (max-width: 150px) 100vw, 150px\" \/><\/div><a class=\"w-gallery-item-link\" aria-label=\"Autorenlesung_2023-03-28 at 09.43.38\" href=\"https:\/\/www.school-krems.at\/wp-content\/uploads\/2023\/03\/Autorenlesung_2023-03-28-at-09.43.38.jpeg\" title=\"Autorenlesung_2023-03-28 at 09.43.38\"><\/a><\/div><div class=\"w-gallery-item\"><div class=\"w-gallery-item-img\"><img loading=\"lazy\" decoding=\"async\" width=\"150\" height=\"150\" src=\"https:\/\/www.school-krems.at\/wp-content\/uploads\/2023\/03\/Autorenlesung_2023-03-28-at-10.41.40-150x150.jpeg\" class=\"attachment-thumbnail size-thumbnail\" alt=\"\" srcset=\"https:\/\/www.school-krems.at\/wp-content\/uploads\/2023\/03\/Autorenlesung_2023-03-28-at-10.41.40-150x150.jpeg 150w, https:\/\/www.school-krems.at\/wp-content\/uploads\/2023\/03\/Autorenlesung_2023-03-28-at-10.41.40-300x300.jpeg 300w, https:\/\/www.school-krems.at\/wp-content\/uploads\/2023\/03\/Autorenlesung_2023-03-28-at-10.41.40-238x238.jpeg 238w\" sizes=\"auto, (max-width: 150px) 100vw, 150px\" \/><\/div><a class=\"w-gallery-item-link\" aria-label=\"Autorenlesung_2023-03-28 at 10.41.40\" href=\"https:\/\/www.school-krems.at\/wp-content\/uploads\/2023\/03\/Autorenlesung_2023-03-28-at-10.41.40.jpeg\" title=\"Autorenlesung_2023-03-28 at 10.41.40\"><\/a><\/div><div class=\"w-gallery-item\"><div class=\"w-gallery-item-img\"><img loading=\"lazy\" decoding=\"async\" width=\"150\" height=\"150\" src=\"https:\/\/www.school-krems.at\/wp-content\/uploads\/2023\/03\/Autorenlesung_2023-03-28-at-10.41.41-1-150x150.jpeg\" class=\"attachment-thumbnail size-thumbnail\" alt=\"\" srcset=\"https:\/\/www.school-krems.at\/wp-content\/uploads\/2023\/03\/Autorenlesung_2023-03-28-at-10.41.41-1-150x150.jpeg 150w, https:\/\/www.school-krems.at\/wp-content\/uploads\/2023\/03\/Autorenlesung_2023-03-28-at-10.41.41-1-300x300.jpeg 300w, https:\/\/www.school-krems.at\/wp-content\/uploads\/2023\/03\/Autorenlesung_2023-03-28-at-10.41.41-1-238x238.jpeg 238w\" sizes=\"auto, (max-width: 150px) 100vw, 150px\" \/><\/div><a class=\"w-gallery-item-link\" aria-label=\"Autorenlesung_2023-03-28 at 10.41.41 (1)\" href=\"https:\/\/www.school-krems.at\/wp-content\/uploads\/2023\/03\/Autorenlesung_2023-03-28-at-10.41.41-1.jpeg\" title=\"Autorenlesung_2023-03-28 at 10.41.41 (1)\"><\/a><\/div><div class=\"w-gallery-item\"><div class=\"w-gallery-item-img\"><img loading=\"lazy\" decoding=\"async\" width=\"150\" height=\"150\" src=\"https:\/\/www.school-krems.at\/wp-content\/uploads\/2023\/03\/Autorenlesung_2023-03-28-at-10.41.41-150x150.jpeg\" class=\"attachment-thumbnail size-thumbnail\" alt=\"\" srcset=\"https:\/\/www.school-krems.at\/wp-content\/uploads\/2023\/03\/Autorenlesung_2023-03-28-at-10.41.41-150x150.jpeg 150w, https:\/\/www.school-krems.at\/wp-content\/uploads\/2023\/03\/Autorenlesung_2023-03-28-at-10.41.41-300x300.jpeg 300w, https:\/\/www.school-krems.at\/wp-content\/uploads\/2023\/03\/Autorenlesung_2023-03-28-at-10.41.41-238x238.jpeg 238w\" sizes=\"auto, (max-width: 150px) 100vw, 150px\" \/><\/div><a class=\"w-gallery-item-link\" aria-label=\"Autorenlesung_2023-03-28 at 10.41.41\" href=\"https:\/\/www.school-krems.at\/wp-content\/uploads\/2023\/03\/Autorenlesung_2023-03-28-at-10.41.41.jpeg\" title=\"Autorenlesung_2023-03-28 at 10.41.41\"><\/a><\/div><div class=\"w-gallery-item\"><div class=\"w-gallery-item-img\"><img loading=\"lazy\" decoding=\"async\" width=\"150\" height=\"150\" src=\"https:\/\/www.school-krems.at\/wp-content\/uploads\/2023\/03\/Autorenlesung_2023-03-28-at-12.20.24-150x150.jpeg\" class=\"attachment-thumbnail size-thumbnail\" alt=\"\" srcset=\"https:\/\/www.school-krems.at\/wp-content\/uploads\/2023\/03\/Autorenlesung_2023-03-28-at-12.20.24-150x150.jpeg 150w, https:\/\/www.school-krems.at\/wp-content\/uploads\/2023\/03\/Autorenlesung_2023-03-28-at-12.20.24-300x300.jpeg 300w, https:\/\/www.school-krems.at\/wp-content\/uploads\/2023\/03\/Autorenlesung_2023-03-28-at-12.20.24-238x238.jpeg 238w\" sizes=\"auto, (max-width: 150px) 100vw, 150px\" \/><\/div><a class=\"w-gallery-item-link\" aria-label=\"Autorenlesung_2023-03-28 at 12.20.24\" href=\"https:\/\/www.school-krems.at\/wp-content\/uploads\/2023\/03\/Autorenlesung_2023-03-28-at-12.20.24.jpeg\" title=\"Autorenlesung_2023-03-28 at 12.20.24\"><\/a><\/div><div class=\"w-gallery-item\"><div class=\"w-gallery-item-img\"><img loading=\"lazy\" decoding=\"async\" width=\"150\" height=\"150\" src=\"https:\/\/www.school-krems.at\/wp-content\/uploads\/2023\/03\/Autorenlesung_2023-03-28-at-12.20.25-150x150.jpeg\" class=\"attachment-thumbnail size-thumbnail\" alt=\"\" srcset=\"https:\/\/www.school-krems.at\/wp-content\/uploads\/2023\/03\/Autorenlesung_2023-03-28-at-12.20.25-150x150.jpeg 150w, https:\/\/www.school-krems.at\/wp-content\/uploads\/2023\/03\/Autorenlesung_2023-03-28-at-12.20.25-300x300.jpeg 300w, https:\/\/www.school-krems.at\/wp-content\/uploads\/2023\/03\/Autorenlesung_2023-03-28-at-12.20.25-238x238.jpeg 238w\" sizes=\"auto, (max-width: 150px) 100vw, 150px\" \/><\/div><a class=\"w-gallery-item-link\" aria-label=\"Autorenlesung_2023-03-28 at 12.20.25\" href=\"https:\/\/www.school-krems.at\/wp-content\/uploads\/2023\/03\/Autorenlesung_2023-03-28-at-12.20.25.jpeg\" title=\"Autorenlesung_2023-03-28 at 12.20.25\"><\/a><\/div><\/div><\/div>","protected":false},"excerpt":{"rendered":"<p>Der \u00f6sterreichische Kinderbuchautor Josef Weidinger war zu Gast bei uns in der Schule und las aus seinem Buch \u201eVon B\u00e4ren und Raupen \u2013 Gr\u00f6\u00dfe wird nicht in Zentimetern gemessen\u201c vor. Immer wieder bezog er die Sch\u00fcler und Sch\u00fclerinnen mit ein, indem er ihnen Fragen stellte. Im Anschluss beantwortete er Fragen zu dem Buch, sowie zu&#8230;<\/p>","protected":false},"author":3,"featured_media":3314,"comment_status":"closed","ping_status":"closed","sticky":false,"template":"","format":"standard","meta":{"footnotes":""},"categories":[7],"tags":[],"class_list":["post-3308","post","type-post","status-publish","format-standard","has-post-thumbnail","hentry","category-volksschule"],"_links":{"self":[{"href":"https:\/\/www.school-krems.at\/en\/wp-json\/wp\/v2\/posts\/3308","targetHints":{"allow":["GET"]}}],"collection":[{"href":"https:\/\/www.school-krems.at\/en\/wp-json\/wp\/v2\/posts"}],"about":[{"href":"https:\/\/www.school-krems.at\/en\/wp-json\/wp\/v2\/types\/post"}],"author":[{"embeddable":true,"href":"https:\/\/www.school-krems.at\/en\/wp-json\/wp\/v2\/users\/3"}],"replies":[{"embeddable":true,"href":"https:\/\/www.school-krems.at\/en\/wp-json\/wp\/v2\/comments?post=3308"}],"version-history":[{"count":0,"href":"https:\/\/www.school-krems.at\/en\/wp-json\/wp\/v2\/posts\/3308\/revisions"}],"wp:featuredmedia":[{"embeddable":true,"href":"https:\/\/www.school-krems.at\/en\/wp-json\/wp\/v2\/media\/3314"}],"wp:attachment":[{"href":"https:\/\/www.school-krems.at\/en\/wp-json\/wp\/v2\/media?parent=3308"}],"wp:term":[{"taxonomy":"category","embeddable":true,"href":"https:\/\/www.school-krems.at\/en\/wp-json\/wp\/v2\/categories?post=3308"},{"taxonomy":"post_tag","embeddable":true,"href":"https:\/\/www.school-krems.at\/en\/wp-json\/wp\/v2\/tags?post=3308"}],"curies":[{"name":"wp","href":"https:\/\/api.w.org\/{rel}","templated":true}]}}